{"id":6353,"date":"2024-07-10T16:56:35","date_gmt":"2024-07-10T16:56:35","guid":{"rendered":"https:\/\/www.postasantacroce.it\/psc\/?p=6353"},"modified":"2024-11-21T15:30:14","modified_gmt":"2024-11-21T15:30:14","slug":"il-parco-delle-metamorfosi","status":"publish","type":"post","link":"https:\/\/www.postasantacroce.it\/psc\/2024\/07\/10\/il-parco-delle-metamorfosi\/","title":{"rendered":"Il parco delle metamorfosi"},"content":{"rendered":"\t\t<div data-elementor-type=\"wp-post\" data-elementor-id=\"6353\" class=\"elementor elementor-6353\" data-elementor-settings=\"[]\">\n\t\t\t\t\t\t\t<div class=\"elementor-section-wrap\">\n\t\t\t\t\t\t\t<section class=\"elementor-section elementor-top-section elementor-element elementor-element-2ce9456 elementor-section-boxed elementor-section-height-default elementor-section-height-default\" data-id=\"2ce9456\" data-element_type=\"section\">\n\t\t\t\t\t\t<div class=\"elementor-container elementor-column-gap-default\">\n\t\t\t\t\t<div class=\"elementor-column elementor-col-100 elementor-top-column elementor-element elementor-element-a04c1e4\" data-id=\"a04c1e4\" data-element_type=\"column\">\n\t\t\t<div class=\"elementor-widget-wrap elementor-element-populated\">\n\t\t\t\t\t\t\t\t<div class=\"elementor-element elementor-element-a069eb0 elementor-widget elementor-widget-text-editor\" data-id=\"a069eb0\" data-element_type=\"widget\" data-widget_type=\"text-editor.default\">\n\t\t\t\t<div class=\"elementor-widget-container\">\n\t\t\t\t\t\t\t<p style=\"text-align: center\"><strong>L\u2019idea e la prima realizzazione<\/strong><\/p><p>Nella caldissima estate del 2017 un incendio distrusse diversi ulivi della nostra tenuta.<\/p><p>Era un\u2019estate particolarmente torrida, tanto che quando chiamammo i vigili del fuoco ci risposero: \u00abVerremo quando possibile, sta bruciando tutta la Puglia\u00bb.<\/p><p>Per fortuna arrivarono abbastanza presto e riuscirono a domare l\u2019incendio, ma alcuni alberi, purtroppo, erano irrimediabilmente perduti.<\/p><p>La sensazione di sconforto, nei mesi successivi, lasci\u00f2 lentamente il posto alla voglia di rinascita, al desiderio pian piano divenuto costante di \u201ctrasformare\u201d quella distruzione in qualcosa che desse nuova vita ai tronchi oramai esanimi ed anneriti.<\/p><p>\u201cTrasformare\u201d: questa parola continuava a ronzarci nella testa finch\u00e9 non ci condusse al concetto classico di trasformazione, alla \u201cmetamorfosi\u201d, a quel connubio di uomini, dei e natura che ci era sempre sembrato tanto presente nel paesaggio intorno a noi.<\/p><p>Fu cos\u00ec che pensammo di far rinascere quei legni anneriti rendendoli narratori di storie di metamorfosi, ispirandoci principalmente al loro pi\u00f9 famoso cantore, Ovidio.<\/p><p>Conoscevamo un artista scultore del legno, Paolo Ricchiuti, e con lui abbiamo passato lunghi pomeriggi ad osservare gli ulivi bruciati finch\u00e9 nella nostra mente ciascuno di essi ha preso lentamente forma.<\/p>\t\t\t\t\t\t<\/div>\n\t\t\t\t<\/div>\n\t\t\t\t\t<\/div>\n\t\t<\/div>\n\t\t\t\t\t\t\t<\/div>\n\t\t<\/section>\n\t\t\t\t<section class=\"elementor-section elementor-top-section elementor-element elementor-element-4136ff1 elementor-section-boxed elementor-section-height-default elementor-section-height-default\" data-id=\"4136ff1\" data-element_type=\"section\">\n\t\t\t\t\t\t<div class=\"elementor-container elementor-column-gap-default\">\n\t\t\t\t\t<div class=\"elementor-column elementor-col-50 elementor-top-column elementor-element elementor-element-0d8481d\" data-id=\"0d8481d\" data-element_type=\"column\">\n\t\t\t<div class=\"elementor-widget-wrap elementor-element-populated\">\n\t\t\t\t\t\t\t\t<div class=\"elementor-element elementor-element-432a321 elementor-widget elementor-widget-image\" data-id=\"432a321\" data-element_type=\"widget\" data-widget_type=\"image.default\">\n\t\t\t\t<div class=\"elementor-widget-container\">\n\t\t\t\t\t\t\t\t\t\t\t\t\t\t\t<img decoding=\"async\" width=\"591\" height=\"443\" src=\"https:\/\/www.postasantacroce.it\/psc\/wp-content\/uploads\/2023\/03\/posta-santa-croce-2-ulivo-bruciato-4.jpg\" class=\"attachment-large size-large\" alt=\"\" loading=\"lazy\" srcset=\"https:\/\/www.postasantacroce.it\/psc\/wp-content\/uploads\/2023\/03\/posta-santa-croce-2-ulivo-bruciato-4.jpg 591w, https:\/\/www.postasantacroce.it\/psc\/wp-content\/uploads\/2023\/03\/posta-santa-croce-2-ulivo-bruciato-4-300x225.jpg 300w\" sizes=\"(max-width: 591px) 100vw, 591px\" \/>\t\t\t\t\t\t\t\t\t\t\t\t\t\t\t<\/div>\n\t\t\t\t<\/div>\n\t\t\t\t\t<\/div>\n\t\t<\/div>\n\t\t\t\t<div class=\"elementor-column elementor-col-50 elementor-top-column elementor-element elementor-element-47faa21\" data-id=\"47faa21\" data-element_type=\"column\">\n\t\t\t<div class=\"elementor-widget-wrap elementor-element-populated\">\n\t\t\t\t\t\t\t\t<div class=\"elementor-element elementor-element-aee2fc4 elementor-widget elementor-widget-image\" data-id=\"aee2fc4\" data-element_type=\"widget\" data-widget_type=\"image.default\">\n\t\t\t\t<div class=\"elementor-widget-container\">\n\t\t\t\t\t\t\t\t\t\t\t\t\t\t\t<img decoding=\"async\" width=\"591\" height=\"443\" src=\"https:\/\/www.postasantacroce.it\/psc\/wp-content\/uploads\/2023\/03\/posta-santa-croce-1-ulivo-bruciato-6.jpg\" class=\"attachment-large size-large\" alt=\"\" loading=\"lazy\" srcset=\"https:\/\/www.postasantacroce.it\/psc\/wp-content\/uploads\/2023\/03\/posta-santa-croce-1-ulivo-bruciato-6.jpg 591w, https:\/\/www.postasantacroce.it\/psc\/wp-content\/uploads\/2023\/03\/posta-santa-croce-1-ulivo-bruciato-6-300x225.jpg 300w\" sizes=\"(max-width: 591px) 100vw, 591px\" \/>\t\t\t\t\t\t\t\t\t\t\t\t\t\t\t<\/div>\n\t\t\t\t<\/div>\n\t\t\t\t\t<\/div>\n\t\t<\/div>\n\t\t\t\t\t\t\t<\/div>\n\t\t<\/section>\n\t\t\t\t<section class=\"elementor-section elementor-top-section elementor-element elementor-element-8ad49d2 elementor-section-boxed elementor-section-height-default elementor-section-height-default\" data-id=\"8ad49d2\" data-element_type=\"section\">\n\t\t\t\t\t\t<div class=\"elementor-container elementor-column-gap-default\">\n\t\t\t\t\t<div class=\"elementor-column elementor-col-100 elementor-top-column elementor-element elementor-element-562cb99\" data-id=\"562cb99\" data-element_type=\"column\">\n\t\t\t<div class=\"elementor-widget-wrap elementor-element-populated\">\n\t\t\t\t\t\t\t\t<div class=\"elementor-element elementor-element-7e784e6 elementor-widget elementor-widget-text-editor\" data-id=\"7e784e6\" data-element_type=\"widget\" data-widget_type=\"text-editor.default\">\n\t\t\t\t<div class=\"elementor-widget-container\">\n\t\t\t\t\t\t\t<p>In quei giorni i nostri racconti si scontravano con le difficolt\u00e0 tecniche di realizzazione ma ogni tanto mito e legno si fondevano in un\u2019idea di realizzazione e Paolo, entusiasta, ha potuto iniziare a lavorare.<\/p><p>C\u2019\u00e8 un punto, nei nostri terreni, dove si sente l\u2019eco e proprio l\u00ec c\u2019era un tronco bellissimo, bruciato e biforcuto. Paolo Ricchiuti lo guard\u00f2 attentamente e ci disse: qui \u00e8 possibile realizzare due volti; fu un attimo ed esclamammo: \u00abEco e Narciso!\u00bb.<\/p>\t\t\t\t\t\t<\/div>\n\t\t\t\t<\/div>\n\t\t\t\t\t<\/div>\n\t\t<\/div>\n\t\t\t\t\t\t\t<\/div>\n\t\t<\/section>\n\t\t\t\t<section class=\"elementor-section elementor-top-section elementor-element elementor-element-5ea7bc2 elementor-section-boxed elementor-section-height-default elementor-section-height-default\" data-id=\"5ea7bc2\" data-element_type=\"section\">\n\t\t\t\t\t\t<div class=\"elementor-container elementor-column-gap-default\">\n\t\t\t\t\t<div class=\"elementor-column elementor-col-66 elementor-top-column elementor-element elementor-element-7c40e8b\" data-id=\"7c40e8b\" data-element_type=\"column\">\n\t\t\t<div class=\"elementor-widget-wrap elementor-element-populated\">\n\t\t\t\t\t\t\t\t<div class=\"elementor-element elementor-element-11d253b elementor-widget elementor-widget-image\" data-id=\"11d253b\" data-element_type=\"widget\" data-widget_type=\"image.default\">\n\t\t\t\t<div class=\"elementor-widget-container\">\n\t\t\t\t\t\t\t\t\t\t\t\t\t\t\t<img decoding=\"async\" width=\"1024\" height=\"768\" src=\"https:\/\/www.postasantacroce.it\/psc\/wp-content\/uploads\/2023\/03\/posta-santa-croce-3-paolo-ricchiuti-prende-misure-1024x768.jpeg\" class=\"attachment-large size-large\" alt=\"\" loading=\"lazy\" srcset=\"https:\/\/www.postasantacroce.it\/psc\/wp-content\/uploads\/2023\/03\/posta-santa-croce-3-paolo-ricchiuti-prende-misure-1024x768.jpeg 1024w, https:\/\/www.postasantacroce.it\/psc\/wp-content\/uploads\/2023\/03\/posta-santa-croce-3-paolo-ricchiuti-prende-misure-300x225.jpeg 300w, https:\/\/www.postasantacroce.it\/psc\/wp-content\/uploads\/2023\/03\/posta-santa-croce-3-paolo-ricchiuti-prende-misure-768x576.jpeg 768w, https:\/\/www.postasantacroce.it\/psc\/wp-content\/uploads\/2023\/03\/posta-santa-croce-3-paolo-ricchiuti-prende-misure-1536x1152.jpeg 1536w, https:\/\/www.postasantacroce.it\/psc\/wp-content\/uploads\/2023\/03\/posta-santa-croce-3-paolo-ricchiuti-prende-misure.jpeg 1600w\" sizes=\"(max-width: 1024px) 100vw, 1024px\" \/>\t\t\t\t\t\t\t\t\t\t\t\t\t\t\t<\/div>\n\t\t\t\t<\/div>\n\t\t\t\t\t<\/div>\n\t\t<\/div>\n\t\t\t\t<div class=\"elementor-column elementor-col-33 elementor-top-column elementor-element elementor-element-3cd35e3\" data-id=\"3cd35e3\" data-element_type=\"column\">\n\t\t\t<div class=\"elementor-widget-wrap elementor-element-populated\">\n\t\t\t\t\t\t\t\t<div class=\"elementor-element elementor-element-1eade98 elementor-widget elementor-widget-image\" data-id=\"1eade98\" data-element_type=\"widget\" data-widget_type=\"image.default\">\n\t\t\t\t<div class=\"elementor-widget-container\">\n\t\t\t\t\t\t\t\t\t\t\t\t\t\t\t<img decoding=\"async\" width=\"768\" height=\"1024\" src=\"https:\/\/www.postasantacroce.it\/psc\/wp-content\/uploads\/2023\/03\/posta-santa-croce-4-paolo-ricchiuti-inizia-a-sbozzare-ulivi-bruciati-768x1024.jpeg\" class=\"attachment-large size-large\" alt=\"\" loading=\"lazy\" srcset=\"https:\/\/www.postasantacroce.it\/psc\/wp-content\/uploads\/2023\/03\/posta-santa-croce-4-paolo-ricchiuti-inizia-a-sbozzare-ulivi-bruciati-768x1024.jpeg 768w, https:\/\/www.postasantacroce.it\/psc\/wp-content\/uploads\/2023\/03\/posta-santa-croce-4-paolo-ricchiuti-inizia-a-sbozzare-ulivi-bruciati-225x300.jpeg 225w, https:\/\/www.postasantacroce.it\/psc\/wp-content\/uploads\/2023\/03\/posta-santa-croce-4-paolo-ricchiuti-inizia-a-sbozzare-ulivi-bruciati-1152x1536.jpeg 1152w, https:\/\/www.postasantacroce.it\/psc\/wp-content\/uploads\/2023\/03\/posta-santa-croce-4-paolo-ricchiuti-inizia-a-sbozzare-ulivi-bruciati.jpeg 1200w\" sizes=\"(max-width: 768px) 100vw, 768px\" \/>\t\t\t\t\t\t\t\t\t\t\t\t\t\t\t<\/div>\n\t\t\t\t<\/div>\n\t\t\t\t\t<\/div>\n\t\t<\/div>\n\t\t\t\t\t\t\t<\/div>\n\t\t<\/section>\n\t\t\t\t<section class=\"elementor-section elementor-top-section elementor-element elementor-element-1614dca elementor-section-boxed elementor-section-height-default elementor-section-height-default\" data-id=\"1614dca\" data-element_type=\"section\">\n\t\t\t\t\t\t<div class=\"elementor-container elementor-column-gap-default\">\n\t\t\t\t\t<div class=\"elementor-column elementor-col-100 elementor-top-column elementor-element elementor-element-28f5e00\" data-id=\"28f5e00\" data-element_type=\"column\">\n\t\t\t<div class=\"elementor-widget-wrap elementor-element-populated\">\n\t\t\t\t\t\t\t\t<div class=\"elementor-element elementor-element-caf5e27 elementor-widget elementor-widget-image\" data-id=\"caf5e27\" data-element_type=\"widget\" data-widget_type=\"image.default\">\n\t\t\t\t<div class=\"elementor-widget-container\">\n\t\t\t\t\t\t\t\t\t\t\t\t\t\t\t<img decoding=\"async\" width=\"1024\" height=\"768\" src=\"https:\/\/www.postasantacroce.it\/psc\/wp-content\/uploads\/2023\/03\/posta-santa-croce-5-ulivi-iniziano-a-prendere-forma-1024x768.jpeg\" class=\"attachment-large size-large\" alt=\"\" loading=\"lazy\" srcset=\"https:\/\/www.postasantacroce.it\/psc\/wp-content\/uploads\/2023\/03\/posta-santa-croce-5-ulivi-iniziano-a-prendere-forma-1024x768.jpeg 1024w, https:\/\/www.postasantacroce.it\/psc\/wp-content\/uploads\/2023\/03\/posta-santa-croce-5-ulivi-iniziano-a-prendere-forma-300x225.jpeg 300w, https:\/\/www.postasantacroce.it\/psc\/wp-content\/uploads\/2023\/03\/posta-santa-croce-5-ulivi-iniziano-a-prendere-forma-768x576.jpeg 768w, https:\/\/www.postasantacroce.it\/psc\/wp-content\/uploads\/2023\/03\/posta-santa-croce-5-ulivi-iniziano-a-prendere-forma-1536x1152.jpeg 1536w, https:\/\/www.postasantacroce.it\/psc\/wp-content\/uploads\/2023\/03\/posta-santa-croce-5-ulivi-iniziano-a-prendere-forma.jpeg 1600w\" sizes=\"(max-width: 1024px) 100vw, 1024px\" \/>\t\t\t\t\t\t\t\t\t\t\t\t\t\t\t<\/div>\n\t\t\t\t<\/div>\n\t\t\t\t\t<\/div>\n\t\t<\/div>\n\t\t\t\t\t\t\t<\/div>\n\t\t<\/section>\n\t\t\t\t<section class=\"elementor-section elementor-top-section elementor-element elementor-element-616c96b elementor-section-boxed elementor-section-height-default elementor-section-height-default\" data-id=\"616c96b\" data-element_type=\"section\">\n\t\t\t\t\t\t<div class=\"elementor-container elementor-column-gap-default\">\n\t\t\t\t\t<div class=\"elementor-column elementor-col-50 elementor-top-column elementor-element elementor-element-abd459c\" data-id=\"abd459c\" data-element_type=\"column\">\n\t\t\t<div class=\"elementor-widget-wrap elementor-element-populated\">\n\t\t\t\t\t\t\t\t<div class=\"elementor-element elementor-element-01d87a6 elementor-widget elementor-widget-image\" data-id=\"01d87a6\" data-element_type=\"widget\" data-widget_type=\"image.default\">\n\t\t\t\t<div class=\"elementor-widget-container\">\n\t\t\t\t\t\t\t\t\t\t\t\t\t\t\t<img decoding=\"async\" width=\"1024\" height=\"1024\" src=\"https:\/\/www.postasantacroce.it\/psc\/wp-content\/uploads\/2023\/03\/posta-santa-croce-6-ulivi-iniziano-a-prendere-forma-1024x1024.jpeg\" class=\"attachment-large size-large\" alt=\"\" loading=\"lazy\" srcset=\"https:\/\/www.postasantacroce.it\/psc\/wp-content\/uploads\/2023\/03\/posta-santa-croce-6-ulivi-iniziano-a-prendere-forma-1024x1024.jpeg 1024w, https:\/\/www.postasantacroce.it\/psc\/wp-content\/uploads\/2023\/03\/posta-santa-croce-6-ulivi-iniziano-a-prendere-forma-300x300.jpeg 300w, https:\/\/www.postasantacroce.it\/psc\/wp-content\/uploads\/2023\/03\/posta-santa-croce-6-ulivi-iniziano-a-prendere-forma-150x150.jpeg 150w, https:\/\/www.postasantacroce.it\/psc\/wp-content\/uploads\/2023\/03\/posta-santa-croce-6-ulivi-iniziano-a-prendere-forma-768x768.jpeg 768w, https:\/\/www.postasantacroce.it\/psc\/wp-content\/uploads\/2023\/03\/posta-santa-croce-6-ulivi-iniziano-a-prendere-forma.jpeg 1080w\" sizes=\"(max-width: 1024px) 100vw, 1024px\" \/>\t\t\t\t\t\t\t\t\t\t\t\t\t\t\t<\/div>\n\t\t\t\t<\/div>\n\t\t\t\t\t<\/div>\n\t\t<\/div>\n\t\t\t\t<div class=\"elementor-column elementor-col-50 elementor-top-column elementor-element elementor-element-97a91cb\" data-id=\"97a91cb\" data-element_type=\"column\">\n\t\t\t<div class=\"elementor-widget-wrap elementor-element-populated\">\n\t\t\t\t\t\t\t\t<div class=\"elementor-element elementor-element-a49204b elementor-widget elementor-widget-image\" data-id=\"a49204b\" data-element_type=\"widget\" data-widget_type=\"image.default\">\n\t\t\t\t<div class=\"elementor-widget-container\">\n\t\t\t\t\t\t\t\t\t\t\t\t\t\t\t<img decoding=\"async\" width=\"496\" height=\"658\" src=\"https:\/\/www.postasantacroce.it\/psc\/wp-content\/uploads\/2023\/03\/posta-santa-croce-14-ulivi-iniziano-a-prendere-forma.jpg\" class=\"attachment-large size-large\" alt=\"\" loading=\"lazy\" srcset=\"https:\/\/www.postasantacroce.it\/psc\/wp-content\/uploads\/2023\/03\/posta-santa-croce-14-ulivi-iniziano-a-prendere-forma.jpg 496w, https:\/\/www.postasantacroce.it\/psc\/wp-content\/uploads\/2023\/03\/posta-santa-croce-14-ulivi-iniziano-a-prendere-forma-226x300.jpg 226w\" sizes=\"(max-width: 496px) 100vw, 496px\" \/>\t\t\t\t\t\t\t\t\t\t\t\t\t\t\t<\/div>\n\t\t\t\t<\/div>\n\t\t\t\t\t<\/div>\n\t\t<\/div>\n\t\t\t\t\t\t\t<\/div>\n\t\t<\/section>\n\t\t\t\t<section class=\"elementor-section elementor-top-section elementor-element elementor-element-74fb1c9 elementor-section-boxed elementor-section-height-default elementor-section-height-default\" data-id=\"74fb1c9\" data-element_type=\"section\">\n\t\t\t\t\t\t<div class=\"elementor-container elementor-column-gap-default\">\n\t\t\t\t\t<div class=\"elementor-column elementor-col-50 elementor-top-column elementor-element elementor-element-a113048\" data-id=\"a113048\" data-element_type=\"column\">\n\t\t\t<div class=\"elementor-widget-wrap elementor-element-populated\">\n\t\t\t\t\t\t\t\t<div class=\"elementor-element elementor-element-db67da9 elementor-widget elementor-widget-image\" data-id=\"db67da9\" data-element_type=\"widget\" data-widget_type=\"image.default\">\n\t\t\t\t<div class=\"elementor-widget-container\">\n\t\t\t\t\t\t\t\t\t\t\t\t\t\t\t<img decoding=\"async\" width=\"768\" height=\"1024\" src=\"https:\/\/www.postasantacroce.it\/psc\/wp-content\/uploads\/2023\/03\/posta-santa-croce-7-ulivi-iniziano-a-prendere-forma-768x1024.jpeg\" class=\"attachment-large size-large\" alt=\"\" loading=\"lazy\" srcset=\"https:\/\/www.postasantacroce.it\/psc\/wp-content\/uploads\/2023\/03\/posta-santa-croce-7-ulivi-iniziano-a-prendere-forma-768x1024.jpeg 768w, https:\/\/www.postasantacroce.it\/psc\/wp-content\/uploads\/2023\/03\/posta-santa-croce-7-ulivi-iniziano-a-prendere-forma-225x300.jpeg 225w, https:\/\/www.postasantacroce.it\/psc\/wp-content\/uploads\/2023\/03\/posta-santa-croce-7-ulivi-iniziano-a-prendere-forma-1152x1536.jpeg 1152w, https:\/\/www.postasantacroce.it\/psc\/wp-content\/uploads\/2023\/03\/posta-santa-croce-7-ulivi-iniziano-a-prendere-forma.jpeg 1200w\" sizes=\"(max-width: 768px) 100vw, 768px\" \/>\t\t\t\t\t\t\t\t\t\t\t\t\t\t\t<\/div>\n\t\t\t\t<\/div>\n\t\t\t\t\t<\/div>\n\t\t<\/div>\n\t\t\t\t<div class=\"elementor-column elementor-col-50 elementor-top-column elementor-element elementor-element-b08d12c\" data-id=\"b08d12c\" data-element_type=\"column\">\n\t\t\t<div class=\"elementor-widget-wrap elementor-element-populated\">\n\t\t\t\t\t\t\t\t<div class=\"elementor-element elementor-element-1a13ac7 elementor-widget elementor-widget-image\" data-id=\"1a13ac7\" data-element_type=\"widget\" data-widget_type=\"image.default\">\n\t\t\t\t<div class=\"elementor-widget-container\">\n\t\t\t\t\t\t\t\t\t\t\t\t\t\t\t<img decoding=\"async\" width=\"768\" height=\"1024\" src=\"https:\/\/www.postasantacroce.it\/psc\/wp-content\/uploads\/2023\/03\/posta-santa-croce-10-ulivi-iniziano-a-prendere-forma-768x1024.jpeg\" class=\"attachment-large size-large\" alt=\"\" loading=\"lazy\" srcset=\"https:\/\/www.postasantacroce.it\/psc\/wp-content\/uploads\/2023\/03\/posta-santa-croce-10-ulivi-iniziano-a-prendere-forma-768x1024.jpeg 768w, https:\/\/www.postasantacroce.it\/psc\/wp-content\/uploads\/2023\/03\/posta-santa-croce-10-ulivi-iniziano-a-prendere-forma-225x300.jpeg 225w, https:\/\/www.postasantacroce.it\/psc\/wp-content\/uploads\/2023\/03\/posta-santa-croce-10-ulivi-iniziano-a-prendere-forma-1152x1536.jpeg 1152w, https:\/\/www.postasantacroce.it\/psc\/wp-content\/uploads\/2023\/03\/posta-santa-croce-10-ulivi-iniziano-a-prendere-forma.jpeg 1200w\" sizes=\"(max-width: 768px) 100vw, 768px\" \/>\t\t\t\t\t\t\t\t\t\t\t\t\t\t\t<\/div>\n\t\t\t\t<\/div>\n\t\t\t\t\t<\/div>\n\t\t<\/div>\n\t\t\t\t\t\t\t<\/div>\n\t\t<\/section>\n\t\t\t\t<section class=\"elementor-section elementor-top-section elementor-element elementor-element-4b4e82b elementor-section-boxed elementor-section-height-default elementor-section-height-default\" data-id=\"4b4e82b\" data-element_type=\"section\">\n\t\t\t\t\t\t<div class=\"elementor-container elementor-column-gap-default\">\n\t\t\t\t\t<div class=\"elementor-column elementor-col-50 elementor-top-column elementor-element elementor-element-929362d\" data-id=\"929362d\" data-element_type=\"column\">\n\t\t\t<div class=\"elementor-widget-wrap elementor-element-populated\">\n\t\t\t\t\t\t\t\t<div class=\"elementor-element elementor-element-f07fe0a elementor-widget elementor-widget-image\" data-id=\"f07fe0a\" data-element_type=\"widget\" data-widget_type=\"image.default\">\n\t\t\t\t<div class=\"elementor-widget-container\">\n\t\t\t\t\t\t\t\t\t\t\t\t\t\t\t<img decoding=\"async\" width=\"747\" height=\"747\" src=\"https:\/\/www.postasantacroce.it\/psc\/wp-content\/uploads\/2023\/03\/posta-santa-croce-8-ulivi-iniziano-a-prendere-forma.jpeg\" class=\"attachment-large size-large\" alt=\"\" loading=\"lazy\" srcset=\"https:\/\/www.postasantacroce.it\/psc\/wp-content\/uploads\/2023\/03\/posta-santa-croce-8-ulivi-iniziano-a-prendere-forma.jpeg 747w, https:\/\/www.postasantacroce.it\/psc\/wp-content\/uploads\/2023\/03\/posta-santa-croce-8-ulivi-iniziano-a-prendere-forma-300x300.jpeg 300w, https:\/\/www.postasantacroce.it\/psc\/wp-content\/uploads\/2023\/03\/posta-santa-croce-8-ulivi-iniziano-a-prendere-forma-150x150.jpeg 150w\" sizes=\"(max-width: 747px) 100vw, 747px\" \/>\t\t\t\t\t\t\t\t\t\t\t\t\t\t\t<\/div>\n\t\t\t\t<\/div>\n\t\t\t\t\t<\/div>\n\t\t<\/div>\n\t\t\t\t<div class=\"elementor-column elementor-col-50 elementor-top-column elementor-element elementor-element-ad0698e\" data-id=\"ad0698e\" data-element_type=\"column\">\n\t\t\t<div class=\"elementor-widget-wrap elementor-element-populated\">\n\t\t\t\t\t\t\t\t<div class=\"elementor-element elementor-element-ed31e28 elementor-widget elementor-widget-image\" data-id=\"ed31e28\" data-element_type=\"widget\" data-widget_type=\"image.default\">\n\t\t\t\t<div class=\"elementor-widget-container\">\n\t\t\t\t\t\t\t\t\t\t\t\t\t\t\t<img decoding=\"async\" width=\"768\" height=\"1024\" src=\"https:\/\/www.postasantacroce.it\/psc\/wp-content\/uploads\/2023\/03\/posta-santa-croce-9-ulivi-iniziano-a-prendere-forma-768x1024.jpeg\" class=\"attachment-large size-large\" alt=\"\" loading=\"lazy\" srcset=\"https:\/\/www.postasantacroce.it\/psc\/wp-content\/uploads\/2023\/03\/posta-santa-croce-9-ulivi-iniziano-a-prendere-forma-768x1024.jpeg 768w, https:\/\/www.postasantacroce.it\/psc\/wp-content\/uploads\/2023\/03\/posta-santa-croce-9-ulivi-iniziano-a-prendere-forma-225x300.jpeg 225w, https:\/\/www.postasantacroce.it\/psc\/wp-content\/uploads\/2023\/03\/posta-santa-croce-9-ulivi-iniziano-a-prendere-forma-1152x1536.jpeg 1152w, https:\/\/www.postasantacroce.it\/psc\/wp-content\/uploads\/2023\/03\/posta-santa-croce-9-ulivi-iniziano-a-prendere-forma.jpeg 1200w\" sizes=\"(max-width: 768px) 100vw, 768px\" \/>\t\t\t\t\t\t\t\t\t\t\t\t\t\t\t<\/div>\n\t\t\t\t<\/div>\n\t\t\t\t\t<\/div>\n\t\t<\/div>\n\t\t\t\t\t\t\t<\/div>\n\t\t<\/section>\n\t\t\t\t<section class=\"elementor-section elementor-top-section elementor-element elementor-element-85ce9b7 elementor-section-boxed elementor-section-height-default elementor-section-height-default\" data-id=\"85ce9b7\" data-element_type=\"section\">\n\t\t\t\t\t\t<div class=\"elementor-container elementor-column-gap-default\">\n\t\t\t\t\t<div class=\"elementor-column elementor-col-66 elementor-top-column elementor-element elementor-element-09cfd84\" data-id=\"09cfd84\" data-element_type=\"column\">\n\t\t\t<div class=\"elementor-widget-wrap elementor-element-populated\">\n\t\t\t\t\t\t\t\t<div class=\"elementor-element elementor-element-d951405 elementor-widget elementor-widget-image\" data-id=\"d951405\" data-element_type=\"widget\" data-widget_type=\"image.default\">\n\t\t\t\t<div class=\"elementor-widget-container\">\n\t\t\t\t\t\t\t\t\t\t\t\t\t\t\t<img decoding=\"async\" width=\"768\" height=\"1024\" src=\"https:\/\/www.postasantacroce.it\/psc\/wp-content\/uploads\/2023\/03\/posta-santa-croce-11-ulivi-iniziano-a-prendere-forma-768x1024.jpeg\" class=\"attachment-large size-large\" alt=\"\" loading=\"lazy\" srcset=\"https:\/\/www.postasantacroce.it\/psc\/wp-content\/uploads\/2023\/03\/posta-santa-croce-11-ulivi-iniziano-a-prendere-forma-768x1024.jpeg 768w, https:\/\/www.postasantacroce.it\/psc\/wp-content\/uploads\/2023\/03\/posta-santa-croce-11-ulivi-iniziano-a-prendere-forma-225x300.jpeg 225w, https:\/\/www.postasantacroce.it\/psc\/wp-content\/uploads\/2023\/03\/posta-santa-croce-11-ulivi-iniziano-a-prendere-forma-1152x1536.jpeg 1152w, https:\/\/www.postasantacroce.it\/psc\/wp-content\/uploads\/2023\/03\/posta-santa-croce-11-ulivi-iniziano-a-prendere-forma.jpeg 1200w\" sizes=\"(max-width: 768px) 100vw, 768px\" \/>\t\t\t\t\t\t\t\t\t\t\t\t\t\t\t<\/div>\n\t\t\t\t<\/div>\n\t\t\t\t\t<\/div>\n\t\t<\/div>\n\t\t\t\t<div class=\"elementor-column elementor-col-33 elementor-top-column elementor-element elementor-element-8136c21\" data-id=\"8136c21\" data-element_type=\"column\">\n\t\t\t<div class=\"elementor-widget-wrap elementor-element-populated\">\n\t\t\t\t\t\t\t\t<div class=\"elementor-element elementor-element-ed3ca4a elementor-widget elementor-widget-image\" data-id=\"ed3ca4a\" data-element_type=\"widget\" data-widget_type=\"image.default\">\n\t\t\t\t<div class=\"elementor-widget-container\">\n\t\t\t\t\t\t\t\t\t\t\t\t\t\t\t<img decoding=\"async\" width=\"576\" height=\"1024\" src=\"https:\/\/www.postasantacroce.it\/psc\/wp-content\/uploads\/2023\/03\/posta-santa-croce-12-ninfa-eco-576x1024.jpeg\" class=\"attachment-large size-large\" alt=\"\" loading=\"lazy\" srcset=\"https:\/\/www.postasantacroce.it\/psc\/wp-content\/uploads\/2023\/03\/posta-santa-croce-12-ninfa-eco-576x1024.jpeg 576w, https:\/\/www.postasantacroce.it\/psc\/wp-content\/uploads\/2023\/03\/posta-santa-croce-12-ninfa-eco-169x300.jpeg 169w, https:\/\/www.postasantacroce.it\/psc\/wp-content\/uploads\/2023\/03\/posta-santa-croce-12-ninfa-eco-768x1365.jpeg 768w, https:\/\/www.postasantacroce.it\/psc\/wp-content\/uploads\/2023\/03\/posta-santa-croce-12-ninfa-eco-864x1536.jpeg 864w, https:\/\/www.postasantacroce.it\/psc\/wp-content\/uploads\/2023\/03\/posta-santa-croce-12-ninfa-eco.jpeg 900w\" sizes=\"(max-width: 576px) 100vw, 576px\" \/>\t\t\t\t\t\t\t\t\t\t\t\t\t\t\t<\/div>\n\t\t\t\t<\/div>\n\t\t\t\t\t<\/div>\n\t\t<\/div>\n\t\t\t\t\t\t\t<\/div>\n\t\t<\/section>\n\t\t\t\t<section class=\"elementor-section elementor-top-section elementor-element elementor-element-6162cfd elementor-section-boxed elementor-section-height-default elementor-section-height-default\" data-id=\"6162cfd\" data-element_type=\"section\">\n\t\t\t\t\t\t<div class=\"elementor-container elementor-column-gap-default\">\n\t\t\t\t\t<div class=\"elementor-column elementor-col-100 elementor-top-column elementor-element elementor-element-fbed0c3\" data-id=\"fbed0c3\" data-element_type=\"column\">\n\t\t\t<div class=\"elementor-widget-wrap elementor-element-populated\">\n\t\t\t\t\t\t\t\t<div class=\"elementor-element elementor-element-d779eb8 elementor-widget elementor-widget-image\" data-id=\"d779eb8\" data-element_type=\"widget\" data-widget_type=\"image.default\">\n\t\t\t\t<div class=\"elementor-widget-container\">\n\t\t\t\t\t\t\t\t\t\t\t\t\t\t\t<img decoding=\"async\" width=\"1024\" height=\"577\" src=\"https:\/\/www.postasantacroce.it\/psc\/wp-content\/uploads\/2023\/03\/posta-santa-croce-13-narciso-1024x577.jpg\" class=\"attachment-large size-large\" alt=\"\" loading=\"lazy\" srcset=\"https:\/\/www.postasantacroce.it\/psc\/wp-content\/uploads\/2023\/03\/posta-santa-croce-13-narciso-1024x577.jpg 1024w, https:\/\/www.postasantacroce.it\/psc\/wp-content\/uploads\/2023\/03\/posta-santa-croce-13-narciso-300x169.jpg 300w, https:\/\/www.postasantacroce.it\/psc\/wp-content\/uploads\/2023\/03\/posta-santa-croce-13-narciso-768x433.jpg 768w, https:\/\/www.postasantacroce.it\/psc\/wp-content\/uploads\/2023\/03\/posta-santa-croce-13-narciso-1536x866.jpg 1536w, https:\/\/www.postasantacroce.it\/psc\/wp-content\/uploads\/2023\/03\/posta-santa-croce-13-narciso.jpg 1600w\" sizes=\"(max-width: 1024px) 100vw, 1024px\" \/>\t\t\t\t\t\t\t\t\t\t\t\t\t\t\t<\/div>\n\t\t\t\t<\/div>\n\t\t\t\t\t<\/div>\n\t\t<\/div>\n\t\t\t\t\t\t\t<\/div>\n\t\t<\/section>\n\t\t\t\t<section class=\"elementor-section elementor-top-section elementor-element elementor-element-b581285 elementor-section-boxed elementor-section-height-default elementor-section-height-default\" data-id=\"b581285\" data-element_type=\"section\">\n\t\t\t\t\t\t<div class=\"elementor-container elementor-column-gap-default\">\n\t\t\t\t\t<div class=\"elementor-column elementor-col-100 elementor-top-column elementor-element elementor-element-b4d52df\" data-id=\"b4d52df\" data-element_type=\"column\">\n\t\t\t<div class=\"elementor-widget-wrap elementor-element-populated\">\n\t\t\t\t\t\t\t\t<div class=\"elementor-element elementor-element-f460d3a elementor-widget elementor-widget-text-editor\" data-id=\"f460d3a\" data-element_type=\"widget\" data-widget_type=\"text-editor.default\">\n\t\t\t\t<div class=\"elementor-widget-container\">\n\t\t\t\t\t\t\t<p>Eccolo: Narciso, sdegnato, rifiuta Eco.<\/p><p>Narciso ed Eco, il nostro racconto:<\/p><p>Ovidio, Metamorfosi, III, 339-401<\/p><p>NARCISO ED ECO<\/p><p>La bellissima ninfa Lir\u00ecope partor\u00ec un bambino bellissimo, che sin dalla nascita suscitava amore, e lo chiam\u00f2 Narciso.<\/p><p>Un giorno Narciso, ormai cresciuto, fu visto dalla ninfa Eco. All\u2019epoca Eco aveva ancora un corpo ma non poteva parlare liberamente, riusciva solo a ripetere le ultime parole pronunciate da altri e ci\u00f2 era stato causato dalla rabbia di Giunone.<\/p><p>Eco, infatti, usava trattenere Giunone con lunghi discorsi per impedirle di sorprendere sui monti le ninfe stese in braccio a Giove.<\/p><p>Quando Giunone se ne accorse, disse: \u00abDi questa lingua che mi ha ingannato potrai disporre solo in parte: ridottissimo sar\u00e0 l&#8217;uso che tu potrai farne\u00bb. E coi fatti conferm\u00f2 le minacce: da quel momento Eco non pot\u00e9 pi\u00f9 parlare liberamente e prese a duplicare i suoni ripetendo solo l\u2019ultima delle parole pronunciate da altri.<\/p><p>Ora, quando Eco vide Narciso vagare in campagne solitarie, se ne infiamm\u00f2 e ne segu\u00ec le orme di nascosto.<\/p><p>Quante volte avrebbe voluto parlargli dolcemente e rivolgergli tenere preghiere, ma la sua natura glielo impediva, non le permetteva di tentare; tuttavia, e questo le era permesso, era pronta ad afferrare i suoni, per rimandargli le sue stesse parole.<\/p><p>Narciso ad un certo punto url\u00f2: \u00abC&#8217;\u00e8 qualcuno?\u00bb ed Eco: \u00abQualcuno\u00bb rispose.<\/p><p>Stupito, lui cerc\u00f2 con gli occhi in tutti i luoghi, gridando a gran voce: \u00abVieni!\u00bb; e lei ripet\u00e9: \u00abVieni!\u00bb.<\/p><p>Lui si guard\u00f2 intorno, ma non si mostr\u00f2 nessuno. \u00abPerch\u00e9\u00bb, chiese, \u00abmi sfuggi?\u00bb, e quante parole disse, altrettante ne ottenne in risposta.<\/p><p>Ingannato dal rimbalzare della voce, esclam\u00f2: \u00abQui riuniamoci!\u00bb, ed Eco che a nessun invito mai avrebbe risposto pi\u00f9 volentieri: \u00abUniamoci!\u00bb ripet\u00e9. E decisa a far quel che aveva detto, uscendo dal bosco, gli venne incontro per gettargli, come sognava, le braccia al collo.<\/p><p>Lui fugg\u00ec e fuggendo: \u00abTogli queste mani, non abbracciarmi!\u00bb grid\u00f2. \u00abPossa piuttosto morire che darmi a te!\u00bb. E lei nient&#8217;altro riusc\u00ec a rispondere che: \u00abDarmi a te!\u00bb.<\/p><p>Respinta, Eco si nascose, coprendosi di foglie per la vergogna il volto, e da allora vive in antri sperduti.<\/p><p>Il tormento incessante la fece deperire e il suo corpo si dissolse nell&#8217;aria.<\/p><p>Non restarono che voce e ossa: la voce esiste ancora; le ossa, dicono, si mutarono in pietre.<\/p><p>Prova a chiamarla, Eco, in questo luogo colmo di pietre: se ne ha voglia, ti risponder\u00e0.<\/p>\t\t\t\t\t\t<\/div>\n\t\t\t\t<\/div>\n\t\t\t\t\t<\/div>\n\t\t<\/div>\n\t\t\t\t\t\t\t<\/div>\n\t\t<\/section>\n\t\t\t\t\t\t<\/div>\n\t\t\t\t\t<\/div>\n\t\t","protected":false},"excerpt":{"rendered":"<p>L\u2019idea e la prima realizzazione Nella caldissima estate del 2017 un incendio distrusse &hellip;<\/p>\n<p class=\"read-more\"> <a class=\"ast-button\" href=\"https:\/\/www.postasantacroce.it\/psc\/2024\/07\/10\/il-parco-delle-metamorfosi\/\"> <span class=\"screen-reader-text\">Il parco delle metamorfosi<\/span> Leggi tutto \u00bb<\/a><\/p>\n","protected":false},"author":2,"featured_media":6417,"comment_status":"closed","ping_status":"open","sticky":false,"template":"","format":"standard","meta":{"site-sidebar-layout":"","site-content-layout":"","ast-main-header-display":"","ast-hfb-above-header-display":"","ast-hfb-below-header-display":"","ast-hfb-mobile-header-display":"","site-post-title":"","ast-breadcrumbs-content":"","ast-featured-img":"","footer-sml-layout":"","theme-transparent-header-meta":"","adv-header-id-meta":"","stick-header-meta":"","header-above-stick-meta":"","header-main-stick-meta":"","header-below-stick-meta":""},"categories":[1],"tags":[],"_links":{"self":[{"href":"https:\/\/www.postasantacroce.it\/psc\/wp-json\/wp\/v2\/posts\/6353"}],"collection":[{"href":"https:\/\/www.postasantacroce.it\/psc\/wp-json\/wp\/v2\/posts"}],"about":[{"href":"https:\/\/www.postasantacroce.it\/psc\/wp-json\/wp\/v2\/types\/post"}],"author":[{"embeddable":true,"href":"https:\/\/www.postasantacroce.it\/psc\/wp-json\/wp\/v2\/users\/2"}],"replies":[{"embeddable":true,"href":"https:\/\/www.postasantacroce.it\/psc\/wp-json\/wp\/v2\/comments?post=6353"}],"version-history":[{"count":49,"href":"https:\/\/www.postasantacroce.it\/psc\/wp-json\/wp\/v2\/posts\/6353\/revisions"}],"predecessor-version":[{"id":7161,"href":"https:\/\/www.postasantacroce.it\/psc\/wp-json\/wp\/v2\/posts\/6353\/revisions\/7161"}],"wp:featuredmedia":[{"embeddable":true,"href":"https:\/\/www.postasantacroce.it\/psc\/wp-json\/wp\/v2\/media\/6417"}],"wp:attachment":[{"href":"https:\/\/www.postasantacroce.it\/psc\/wp-json\/wp\/v2\/media?parent=6353"}],"wp:term":[{"taxonomy":"category","embeddable":true,"href":"https:\/\/www.postasantacroce.it\/psc\/wp-json\/wp\/v2\/categories?post=6353"},{"taxonomy":"post_tag","embeddable":true,"href":"https:\/\/www.postasantacroce.it\/psc\/wp-json\/wp\/v2\/tags?post=6353"}],"curies":[{"name":"wp","href":"https:\/\/api.w.org\/{rel}","templated":true}]}}